{"id":130,"date":"2017-11-27T17:37:51","date_gmt":"2017-11-27T16:37:51","guid":{"rendered":"http:\/\/www.gosseyn.net\/?p=130"},"modified":"2017-11-27T17:41:30","modified_gmt":"2017-11-27T16:41:30","slug":"limux-cest-fini-munich-repasse-sous-le-giron-de-microsoft","status":"publish","type":"post","link":"https:\/\/www.gosseyn.net\/index.php\/2017\/11\/limux-cest-fini-munich-repasse-sous-le-giron-de-microsoft\/","title":{"rendered":"LiMux, c&rsquo;est fini. Munich repasse sous le giron de Microsoft."},"content":{"rendered":"<p style=\"text-align: justify;\"><img loading=\"lazy\" decoding=\"async\" class=\"size-medium wp-image-131 alignleft\" src=\"https:\/\/www.gosseyn.net\/wp-content\/uploads\/2017\/11\/Windows-Linux-munich-620-300x214.jpg\" alt=\"Windows-Linux-munich-620\" width=\"300\" height=\"214\" srcset=\"https:\/\/www.gosseyn.net\/wp-content\/uploads\/2017\/11\/Windows-Linux-munich-620-300x214.jpg 300w, https:\/\/www.gosseyn.net\/wp-content\/uploads\/2017\/11\/Windows-Linux-munich-620.jpg 620w\" sizes=\"auto, (max-width: 300px) 85vw, 300px\" \/>LiMux, c&rsquo;est fini ! La belle initiative de passage sous syst\u00e8me d&rsquo;exploitation Linux de la municipalit\u00e9 de Munich, depuis 2004, s&rsquo;ach\u00e8ve, et les machines de la ville vont donc retourner vers le syst\u00e8me d&rsquo;exploitation Windows. Munich \u00e9tait un symbole dans le monde du libre, une \u00e9norme victoire. La statue est tomb\u00e9e de son pi\u00e9destal&#8230;<\/p>\n<p style=\"text-align: justify;\">En 2004, la municipalit\u00e9 de Munich, \u00e0 l&rsquo;\u00e9poque sous majorit\u00e9 SPD, et dirig\u00e9e par Christian Ude, initie le passage des \u00e9quipements informatiques (plus de 30 000 postes)\u00a0de la ville vers le syst\u00e8me d&rsquo;exploitation libre Linux. La municipalit\u00e9 souhaite, gr\u00e2ce \u00e0 cette action, ne plus d\u00e9pendre de la soci\u00e9t\u00e9 Microsoft, \u00e9conomiser de l&rsquo;argent (elle \u00e9conomisera, de fait, plus de 11 M\u20ac sur le co\u00fbt des licences), gagner en s\u00e9curit\u00e9 et garder le contr\u00f4le sur le logiciel de ses ordinateurs, gr\u00e2ce au logiciel libre garantissant l&rsquo;acc\u00e8s au code source.<\/p>\n<p style=\"text-align: justify;\"><a href=\"https:\/\/www.gosseyn.net\/wp-content\/uploads\/2017\/11\/limux_logo.jpg\"><img loading=\"lazy\" decoding=\"async\" class=\"size-medium wp-image-132 alignright\" src=\"https:\/\/www.gosseyn.net\/wp-content\/uploads\/2017\/11\/limux_logo-249x300.jpg\" alt=\"limux_logo\" width=\"249\" height=\"300\" srcset=\"https:\/\/www.gosseyn.net\/wp-content\/uploads\/2017\/11\/limux_logo-249x300.jpg 249w, https:\/\/www.gosseyn.net\/wp-content\/uploads\/2017\/11\/limux_logo.jpg 300w\" sizes=\"auto, (max-width: 249px) 85vw, 249px\" \/><\/a>A cette occasion, la ville cr\u00e9ait une distribution Linux originale, LiMux, d\u00e9riv\u00e9e d&rsquo;Ubuntu. Cette distribution embarquait un certain nombre d&rsquo;autres logiciels libres et gratuits, comme la suite bureautique OpenOffice (devenue ensuite LibreOffice), concurrente de la suite de Microsoft : Office. A l&rsquo;\u00e9poque, le g\u00e9ant Microsoft avait tout fait pour emp\u00eacher la d\u00e9cision de la municipalit\u00e9, notamment en ren\u00e9gociant le prix des licences et proposant des cadeaux aux salari\u00e9s. Steve Balmer, le PDG de Microsoft, avait m\u00eame effectu\u00e9 le d\u00e9placement et rencontr\u00e9 le maire. \u00c7a n&rsquo;avait pas suffit pour enrayer le processus.<\/p>\n<p style=\"text-align: justify;\">Mais las, la nouvelle municipalit\u00e9 \u00e9lue en 2013, coalition de la droite et du SPD, oppos\u00e9e aux logiciels libres, a chang\u00e9 son fusil d&rsquo;\u00e9paule et a d\u00e9cid\u00e9 de renverser le processus et de repasser tous ses ordinateurs sous Windows 10 et vers la suite payante Microsoft Office. Le chiffre correspondant \u00e0 cette d\u00e9cision n&rsquo;a pas \u00e9t\u00e9 r\u00e9v\u00e9l\u00e9.<\/p>\n<p style=\"text-align: justify;\">Evidemment, le passage \u00e0 Linux n&rsquo;avait pas fait que des heureux, et a rencontr\u00e9 quelques probl\u00e8mes :<br \/>\n&#8211; Apprentissage du nouveau syst\u00e8me et des nouveaux outils probl\u00e9matique pour un certain nombre de personnes habitu\u00e9es au syst\u00e8me de Microsoft.<br \/>\n&#8211; Surco\u00fbt non pr\u00e9vu li\u00e9 au d\u00e9veloppement de la distribution LiMux et \u00e0 l&rsquo;adaptation de certains progiciels. On parle d&rsquo;un extra de 19 M\u20ac.<br \/>\n&#8211; Un certain nombre de logiciels non existants sur cette plateforme, ce qui handicapait les utilisateurs.<\/p>\n<p style=\"text-align: justify;\">Lorsque la d\u00e9cision initiale avait \u00e9t\u00e9 prise de passer \u00e0 Linux, la ville \u00e9tait alors \u00e9quip\u00e9e en majorit\u00e9 du syst\u00e8me Windows XP, relativement peu stable et tr\u00e8s peu s\u00e9curis\u00e9, ou probablement de versions ant\u00e9rieures posant encore plus de probl\u00e8mes. Depuis lors, le syst\u00e8me d&rsquo;exploitation de Microsoft et notamment sa derni\u00e8re mouture, Windows 10, a fait de nombreux progr\u00e8s dans tous les domaines. Cette d\u00e9cision est malgr\u00e9 tout, comme souvent, prise sans tenir compte de l&rsquo;avis des \u00e9quipes informatiques de la ville. Le retour vers Windows sera probablement synonyme de nouveaux probl\u00e8mes de s\u00e9curit\u00e9.<\/p>\n<p>La d\u00e9cision finale devrait \u00eatre valid\u00e9e le 23 novembre, mais il semble que la p\u00e9riode LiMux soit belle et bien termin\u00e9e pour la ville de Munich.<\/p>\n<p>A lire :<br \/>\n&#8211; <a href=\"http:\/\/www.zdnet.fr\/actualites\/munich-craque-pour-windows-10-et-brade-son-capital-linux-39860596.htm\" target=\"_blank\" rel=\"noopener\">Munich craque pour Windows 10 et brade son capital Linux<\/a> (01.net, 24\/11\/2017)<br \/>\n&#8211; <a href=\"http:\/\/www.zdnet.fr\/blogs\/l-esprit-libre\/munich-sur-le-point-de-repasser-de-linux-a-microsoft-39859792.htm\" target=\"_blank\" rel=\"noopener\">Munich sur le point de passer de Linux \u00e0 Microsoft<\/a> (01.net, 09\/11\/2017)<\/p>\n","protected":false},"excerpt":{"rendered":"<p>LiMux, c&rsquo;est fini ! La belle initiative de passage sous syst\u00e8me d&rsquo;exploitation Linux de la municipalit\u00e9 de Munich, depuis 2004, s&rsquo;ach\u00e8ve, et les machines de la ville vont donc retourner vers le syst\u00e8me d&rsquo;exploitation Windows. [&hellip;]<\/p>\n","protected":false},"author":1,"featured_media":132,"comment_status":"open","ping_status":"open","sticky":false,"template":"","format":"standard","meta":{"footnotes":""},"categories":[6,5],"tags":[20,19,15,16,12,18,21,17],"class_list":["post-130","post","type-post","status-publish","format-standard","has-post-thumbnail","hentry","category-actualite","category-humeur","tag-libre","tag-libreoffice","tag-limux","tag-linux","tag-microsoft","tag-office","tag-opensource","tag-windows"],"_links":{"self":[{"href":"https:\/\/www.gosseyn.net\/index.php\/wp-json\/wp\/v2\/posts\/130","targetHints":{"allow":["GET"]}}],"collection":[{"href":"https:\/\/www.gosseyn.net\/index.php\/wp-json\/wp\/v2\/posts"}],"about":[{"href":"https:\/\/www.gosseyn.net\/index.php\/wp-json\/wp\/v2\/types\/post"}],"author":[{"embeddable":true,"href":"https:\/\/www.gosseyn.net\/index.php\/wp-json\/wp\/v2\/users\/1"}],"replies":[{"embeddable":true,"href":"https:\/\/www.gosseyn.net\/index.php\/wp-json\/wp\/v2\/comments?post=130"}],"version-history":[{"count":2,"href":"https:\/\/www.gosseyn.net\/index.php\/wp-json\/wp\/v2\/posts\/130\/revisions"}],"predecessor-version":[{"id":134,"href":"https:\/\/www.gosseyn.net\/index.php\/wp-json\/wp\/v2\/posts\/130\/revisions\/134"}],"wp:featuredmedia":[{"embeddable":true,"href":"https:\/\/www.gosseyn.net\/index.php\/wp-json\/wp\/v2\/media\/132"}],"wp:attachment":[{"href":"https:\/\/www.gosseyn.net\/index.php\/wp-json\/wp\/v2\/media?parent=130"}],"wp:term":[{"taxonomy":"category","embeddable":true,"href":"https:\/\/www.gosseyn.net\/index.php\/wp-json\/wp\/v2\/categories?post=130"},{"taxonomy":"post_tag","embeddable":true,"href":"https:\/\/www.gosseyn.net\/index.php\/wp-json\/wp\/v2\/tags?post=130"}],"curies":[{"name":"wp","href":"https:\/\/api.w.org\/{rel}","templated":true}]}}