{"id":154,"date":"2017-12-17T19:44:59","date_gmt":"2017-12-17T18:44:59","guid":{"rendered":"http:\/\/www.gosseyn.net\/?p=154"},"modified":"2017-12-17T20:24:40","modified_gmt":"2017-12-17T19:24:41","slug":"un-pan-de-falaise-secroule-au-treport","status":"publish","type":"post","link":"https:\/\/www.gosseyn.net\/index.php\/2017\/12\/un-pan-de-falaise-secroule-au-treport\/","title":{"rendered":"Un pan de falaise s&rsquo;\u00e9croule au Tr\u00e9port"},"content":{"rendered":"<p style=\"text-align: justify;\">Aujourd&rsquo;hui, dimanche 17 d\u00e9cembre, un pan de falaise de 7000 \u00e0 10000 m3 s&rsquo;est \u00e9croul\u00e9 au bout de la plage, \u00e0 un endroit interdit aux promeneurs. Pas de bless\u00e9s. La municipalit\u00e9 a pris un arr\u00eat\u00e9 pour interdire aux promeneurs la zone, que ce soit au bas ou en haut des falaises.<\/p>\n<figure id=\"attachment_155\" aria-describedby=\"caption-attachment-155\" style=\"width: 854px\" class=\"wp-caption aligncenter\"><a href=\"https:\/\/www.gosseyn.net\/wp-content\/uploads\/2017\/12\/Tre\u0301port-e\u0301boulement-20171217.jpg\"><img loading=\"lazy\" decoding=\"async\" class=\"wp-image-155 size-full\" src=\"https:\/\/www.gosseyn.net\/wp-content\/uploads\/2017\/12\/Tre\u0301port-e\u0301boulement-20171217.jpg\" alt=\"Tre\u0301port e\u0301boulement 20171217\" width=\"854\" height=\"482\" srcset=\"https:\/\/www.gosseyn.net\/wp-content\/uploads\/2017\/12\/Tre\u0301port-e\u0301boulement-20171217.jpg 854w, https:\/\/www.gosseyn.net\/wp-content\/uploads\/2017\/12\/Tre\u0301port-e\u0301boulement-20171217-300x169.jpg 300w, https:\/\/www.gosseyn.net\/wp-content\/uploads\/2017\/12\/Tre\u0301port-e\u0301boulement-20171217-768x433.jpg 768w\" sizes=\"auto, (max-width: 709px) 85vw, (max-width: 909px) 67vw, (max-width: 1362px) 62vw, 840px\" \/><\/a><figcaption id=\"caption-attachment-155\" class=\"wp-caption-text\">Photo de l&rsquo;\u00e9boulement du Tr\u00e9port du 17\/12\/2017 \u00e0 15h environ.<\/figcaption><\/figure>\n<p>Source : <a href=\"https:\/\/actu.fr\/normandie\/treport_76711\/limage-pan-falaise-seffondre-sur-plage-seine-maritime_14562295.html\" target=\"_blank\" rel=\"noopener\">https:\/\/actu.fr\/normandie\/treport_76711\/limage-pan-falaise-seffondre-sur-plage-seine-maritime_14562295.html<\/a><\/p>\n<p>A lire aussi : <a href=\"https:\/\/social.shorthand.com\/NormandieActu\/jg8I0QRZg3\/falaises-qui-reculent-eboulements-et-glissements-de-terrain\" target=\"_blank\" rel=\"noopener\">https:\/\/social.shorthand.com\/NormandieActu\/jg8I0QRZg3\/falaises-qui-reculent-eboulements-et-glissements-de-terrain<\/a><\/p>\n","protected":false},"excerpt":{"rendered":"<p>Aujourd&rsquo;hui, dimanche 17 d\u00e9cembre, un pan de falaise de 7000 \u00e0 10000 m3 s&rsquo;est \u00e9croul\u00e9 au bout de la plage, \u00e0 un endroit interdit aux promeneurs. Pas de bless\u00e9s. La municipalit\u00e9 a pris un arr\u00eat\u00e9 [&hellip;]<\/p>\n","protected":false},"author":1,"featured_media":155,"comment_status":"open","ping_status":"open","sticky":false,"template":"","format":"standard","meta":{"footnotes":""},"categories":[6],"tags":[42,41,40,39,43],"class_list":["post-154","post","type-post","status-publish","format-standard","has-post-thumbnail","hentry","category-actualite","tag-actualite","tag-eboulement","tag-falaise","tag-le-treport","tag-normandie"],"_links":{"self":[{"href":"https:\/\/www.gosseyn.net\/index.php\/wp-json\/wp\/v2\/posts\/154","targetHints":{"allow":["GET"]}}],"collection":[{"href":"https:\/\/www.gosseyn.net\/index.php\/wp-json\/wp\/v2\/posts"}],"about":[{"href":"https:\/\/www.gosseyn.net\/index.php\/wp-json\/wp\/v2\/types\/post"}],"author":[{"embeddable":true,"href":"https:\/\/www.gosseyn.net\/index.php\/wp-json\/wp\/v2\/users\/1"}],"replies":[{"embeddable":true,"href":"https:\/\/www.gosseyn.net\/index.php\/wp-json\/wp\/v2\/comments?post=154"}],"version-history":[{"count":3,"href":"https:\/\/www.gosseyn.net\/index.php\/wp-json\/wp\/v2\/posts\/154\/revisions"}],"predecessor-version":[{"id":158,"href":"https:\/\/www.gosseyn.net\/index.php\/wp-json\/wp\/v2\/posts\/154\/revisions\/158"}],"wp:featuredmedia":[{"embeddable":true,"href":"https:\/\/www.gosseyn.net\/index.php\/wp-json\/wp\/v2\/media\/155"}],"wp:attachment":[{"href":"https:\/\/www.gosseyn.net\/index.php\/wp-json\/wp\/v2\/media?parent=154"}],"wp:term":[{"taxonomy":"category","embeddable":true,"href":"https:\/\/www.gosseyn.net\/index.php\/wp-json\/wp\/v2\/categories?post=154"},{"taxonomy":"post_tag","embeddable":true,"href":"https:\/\/www.gosseyn.net\/index.php\/wp-json\/wp\/v2\/tags?post=154"}],"curies":[{"name":"wp","href":"https:\/\/api.w.org\/{rel}","templated":true}]}}