{"id":1803,"date":"2025-11-02T16:08:26","date_gmt":"2025-11-02T15:08:26","guid":{"rendered":"https:\/\/www.gosseyn.net\/?p=1803"},"modified":"2025-11-02T16:33:26","modified_gmt":"2025-11-02T15:33:26","slug":"augmentez-la-capacite-de-stockage-ssd-de-votre-mac-oui-mais-a-quel-prix","status":"publish","type":"post","link":"https:\/\/www.gosseyn.net\/index.php\/2025\/11\/augmentez-la-capacite-de-stockage-ssd-de-votre-mac-oui-mais-a-quel-prix\/","title":{"rendered":"Augmentez la capacit\u00e9 de stockage SSD de votre Mac. Oui, mais \u00e0 quel prix ?"},"content":{"rendered":"\n<p>Vous avez un Mac ou vous souhaitez en acqu\u00e9rir un ? Apple fait de formidables machines tr\u00e8s attractives, malheureusement un peu sous-dimensionn\u00e9es en termes de stockage ou de m\u00e9moire pour le prix propos\u00e9. Ce qui est un peu dommage, avouons-le. En outre, depuis quelques ann\u00e9es, la m\u00e9moire ainsi que les disques de stockages SSD rapides sont soud\u00e9s sur la carte m\u00e8re de la machine, limitant ou emp\u00eachant les possibilit\u00e9s d&rsquo;\u00e9volution, l\u00e0 o\u00f9 auparavant, il \u00e9tait possible d&rsquo;ouvrir le capot et de remplacer avec plus ou moins de difficult\u00e9 les barrettes m\u00e9moires et le disque dur de votre machine, c&rsquo;est maintenant impossible. Impossible ? Pas toujours, car impossible n&rsquo;est pas fran\u00e7ais !<\/p>\n\n\n\n<h2 class=\"wp-block-heading\">Le prix des options sur l&rsquo;Apple Store<\/h2>\n\n\n\n<p>Que vous ayez un ancien Mac ou que vous projetiez d&rsquo;en acheter un, <em>desktop<\/em> ou portable, vous avez et serez confront\u00e9 au choix de quelle capacit\u00e9 s\u00e9lectionner, en termes de m\u00e9moire vive (RAM) et de stockage (SSD). Pour les plus fortun\u00e9s d&rsquo;entre nous, Apple propose, pour un m\u00eame mod\u00e8le, plusieurs d\u00e9clinaisons apportant plus ou moins de puissance. Voir par exemple, ci-dessous, les options propos\u00e9es sur l&rsquo;Apple Store pour l&rsquo;achat du dernier Mac Mini M4 :<\/p>\n\n\n\n<figure class=\"wp-block-image size-full\"><img loading=\"lazy\" decoding=\"async\" width=\"986\" height=\"611\" src=\"https:\/\/www.gosseyn.net\/wp-content\/uploads\/2025\/11\/Apple-store-Mac-mini-M4-mode\u0300les.jpg\" alt=\"Apple store Mac mini M4 choix des mode\u0300les (3 diff\u00e9rents mod\u00e8les affich\u00e9s en colonne)\" class=\"wp-image-1804\"\/><figcaption class=\"wp-element-caption\">3 d\u00e9clinaisons propos\u00e9es par l&rsquo;Apple Store du Mac Mini M4<\/figcaption><\/figure>\n\n\n\n<p>\u00c0 noter qu&rsquo;Apple propose \u00e9galement un mod\u00e8le pourvu de la puce M4 Pro, qui est plus puissante que la puce M4 standard. Pour chacune des configurations ci-dessus, nous notons des diff\u00e9rences qui peuvent parfois porter sur le nombre de c\u0153urs CPU et GPU, sur la quantit\u00e9 de m\u00e9moire vive (RAM) ou sur la quantit\u00e9 de stockage SSD. Le prix est bien \u00e9videmment diff\u00e9rent et varie ici entre 699 \u20ac et 1199 \u20ac, soit 500 \u20ac de diff\u00e9rence entre le mod\u00e8le d&rsquo;entr\u00e9e de gamme et le mod\u00e8le le plus cher. Cela double presque le prix de la machine ! La capacit\u00e9 de stockage de 256 Go est la plus faible qui est propos\u00e9e par Apple sur l&rsquo;ensemble de ses mod\u00e8les de Mac. Elle est consid\u00e9r\u00e9e par de nombreux utilisateurs comme tr\u00e8s limite eu \u00e9gard aux besoins actuels, et si l&rsquo;on regarde les offres concurrentes, par exemple ici les mod\u00e8les de mini-PC sous Windows, aucun n&rsquo;est propos\u00e9 \u00e0 la vente avec une capacit\u00e9 de stockage inf\u00e9rieure \u00e0 512 Go, soit le double de l&rsquo;offre de d\u00e9part d&rsquo;Apple. Apple a \u00e9t\u00e9 oblig\u00e9e de faire un effort en 2025 en proposant 16 Go de RAM au minimum sur tous ses mod\u00e8les, le minimum \u00e9tant auparavant de 8 Go, en pr\u00e9textant la compatibilit\u00e9 de ses machines avec \u00ab\u00a0Apple Intelligence\u00a0\u00bb, la solution d&rsquo;IA made in Apple, alors que peu de mod\u00e8les chez la concurrence proposent encore cette capacit\u00e9 minimale de m\u00e9moire vive. Il reste cependant ce minimum de 256 Go pour le stockage qui est probl\u00e9matique. Les personnes devant limiter leur budget d&rsquo;achat, mais souhaitant n\u00e9anmoins disposer de plus de stockage, d&rsquo;autant que les anciens mod\u00e8les de Mac avec des disques durs classiques m\u00e9caniques avaient une meilleure capacit\u00e9 de stockage, vont forcement \u00eatre frustr\u00e9es, d&rsquo;autant que le passage vers plus de m\u00e9moire vive ou plus de stockage est factur\u00e9 par Apple \u00e0 un co\u00fbt tr\u00e8s important. <\/p>\n\n\n\n<p>L&rsquo;Apple Store propose un configurateur d&rsquo;achat permettant de faire varier les options \u00e0 partir du mod\u00e8le choisi, afin que les personnes ayant des gros besoins puissent choisir les caract\u00e9ristiques de la machine de leurs r\u00eaves.<\/p>\n\n\n\n<figure class=\"wp-block-image size-full\"><img loading=\"lazy\" decoding=\"async\" width=\"774\" height=\"634\" src=\"https:\/\/www.gosseyn.net\/wp-content\/uploads\/2025\/11\/Apple-store-Mac-mini-M4-options.jpg\" alt=\"Les options de configuration du Mac Mini M4 sur l'Apple Store pour modifier la quantit\u00e9 de m\u00e9moire vive ou de stockage SSD.\" class=\"wp-image-1806\"\/><figcaption class=\"wp-element-caption\">Les options de configuration du Mac Mini M4 sur l&rsquo;Apple Store pour modifier la quantit\u00e9 de m\u00e9moire vive ou de stockage SSD.<\/figcaption><\/figure>\n\n\n\n<p>Nous pouvons voir que ces options sont tr\u00e8s on\u00e9reuses, Apple les facturant \u00e0 un prix exhorbitant par rapport \u00e0 ce qui se fait ailleurs ! Si le prix de base du Mac Mini M4 est de 699 \u20ac, ce qui n&rsquo;est d\u00e9j\u00e0 pas donn\u00e9, voici le prix final de la machine en fonction des diff\u00e9rentes options :<br>&#8211; Passer \u00e0 24 Go de m\u00e9moire : 949 \u20ac<br>&#8211; Passer \u00e0 512 Go de stockage SSD : 949 \u20ac<br>&#8211; Passer \u00e0 1 To de stockage SSD : 1199 \u20ac<br>&#8211; Passer \u00e0 24 Go de m\u00e9moire + 512 Go de stockage : 1199 \u20ac<br>&#8211; Passer \u00e0 24 Go de m\u00e9moire + 1 To de stockage : 1449 \u20ac<br>On peut arriver \u00e0 doubler ou plus le prix de la machine de base. Toutefois, reconnaissons \u00e0 Apple de nous laisser la possibilit\u00e9 de configurer notre machine comme nous l&rsquo;entendons.<\/p>\n\n\n\n<h2 class=\"wp-block-heading\">Quelle capacit\u00e9 choisir ?<\/h2>\n\n\n\n<p>Alors quelle capacit\u00e9 choisir, aujourd&rsquo;hui en 2025 ? Pour r\u00e9pondre \u00e0 cette question, il faut prendre en compte les aspects suivants : de quoi ai-je besoin et combien de temps je veux pouvoir conserver cette machine ? Et bien s\u00fbr quel budget ai-je ?<\/p>\n\n\n\n<p>Si depuis les nouveaux mod\u00e8les sortis en 2025, la capacit\u00e9 de 16 Go de m\u00e9moire est largement suffisante pour la plupart des utilisateurs, elle pourra \u00eatre limite pour les personnes utilisant des programmes consommant beaucoup de m\u00e9moire, comme par exemple, pour du traitement d&rsquo;image, de la vid\u00e9o, de la 3D, CAO, ou des machines virtuelles. Hors de ces besoins particuliers, ces 16 Go pourront suffire dans pas mal de cas, les machines qui ne sont pas des serveurs ne vont pas utiliser beaucoup de m\u00e9moire vive. En outre, la gestion de la RAM qui est faite par Apple est tr\u00e8s bonne (compression de la m\u00e9moire notamment), et m\u00eame s&rsquo;il faut prendre en compte le fait que la quantit\u00e9 de m\u00e9moire fournie est partag\u00e9e avec la m\u00e9moire graphique, qui n&rsquo;a pas de m\u00e9moire d\u00e9di\u00e9e. Donc tout ce qui utilise la carte graphique va utiliser beaucoup de m\u00e9moire. Notez que pousser le curseur de la capacit\u00e9 m\u00e9moire peut se r\u00e9v\u00e9ler utile pour continuer \u00e0 utiliser votre ordinateur sur la dur\u00e9e, car la migration vers des versions futures du syst\u00e8me d&rsquo;exploitation (MacOS) peut requ\u00e9rir plus de m\u00e9moire pour que l&rsquo;ordinateur fonctionne de mani\u00e8re satisfaisante. Cela permet \u00e9galement de pr\u00e9voir l&rsquo;\u00e9volution de vos besoins futurs en termes de puissance.<\/p>\n\n\n\n<p>Notez \u00e9galement qu&rsquo;en cas de saturation de la m\u00e9moire vive, MacOS utilisera la m\u00e9moire virtuelle pour pallier ce manque. La m\u00e9moire virtuelle utilise l&rsquo;espace de stockage (disque dur) pour augmenter la quantit\u00e9 de m\u00e9moire disponible pour les programmes. Certaines pages m\u00e9moire seront stock\u00e9es sur le disque dur afin de lib\u00e9rer de la place dans la m\u00e9moire vive, en attendant que de la m\u00e9moire se lib\u00e8re. Cette technologie existe depuis fort longtemps sur les syst\u00e8mes d&rsquo;exploitation modernes, mais cela pouvait fortement ralentir l&rsquo;ex\u00e9cution des programmes avec des disques durs m\u00e9caniques, donc lents. Depuis que les ordinateurs utilisent des disques SSD, cette technique est devenue pratiquement indolore pour les utilisateurs.<\/p>\n\n\n\n<figure class=\"wp-block-image size-full\"><img loading=\"lazy\" decoding=\"async\" width=\"1591\" height=\"981\" src=\"https:\/\/www.gosseyn.net\/wp-content\/uploads\/2025\/11\/Crucial-X8-galette-SSD.png\" alt=\"Crucial X8 galette SSD\" class=\"wp-image-1814\"\/><figcaption class=\"wp-element-caption\">Crucial X8 galette SSD, une solution de stockage externe<\/figcaption><\/figure>\n\n\n\n<p>Concernant le stockage, cela peut \u00e9videmment aussi \u00eatre tr\u00e8s probl\u00e9matique d&rsquo;\u00eatre limit\u00e9 en espace disque. Si vous saturez votre disque dur parce que vous avez install\u00e9 trop d&rsquo;applications ou stock\u00e9 trop de fichiers de type musique, image ou vid\u00e9o, le syst\u00e8me risque de ne plus fonctionner, en plus du fait que vous obtiendrez des erreurs syst\u00e8me en essayant d&rsquo;enregistrer des fichiers. Fort heureusement, la possibilit\u00e9 d&rsquo;utiliser des disques externes vous permet d&rsquo;\u00e9tendre les capacit\u00e9s de stockage de votre ordinateur sans avoir \u00e0 ouvrir le capot, d&rsquo;autant que les disques durs connect\u00e9s via une connectique Thunderbolt ou USB-C, pr\u00e9sente sur tous les macs de moins de 10 ans, vous garantit des performances presque aussi bonnes que celles des disques internes. Voir cet autre article expliquant comme <a href=\"https:\/\/www.gosseyn.net\/index.php\/2023\/11\/test-du-ssd-samsung-980-pro-sur-mac-avec-thunderbolt-4\/\" data-type=\"post\" data-id=\"1059\" target=\"_blank\" rel=\"noreferrer noopener\">installer un disque SSD de grande capacit\u00e9 dans un boitier Thunderbolt 3\/4<\/a>.<br>Voir aussi : <a href=\"https:\/\/www.gosseyn.net\/index.php\/2023\/02\/usb-usb-c-thunderbolt-y-comprendre-quelque-chose-dans-les-normes\/\" data-type=\"link\" data-id=\"https:\/\/www.gosseyn.net\/index.php\/2023\/02\/usb-usb-c-thunderbolt-y-comprendre-quelque-chose-dans-les-normes\/\" target=\"_blank\" rel=\"noreferrer noopener\">USB\/USB-C\/Thunderbolt, y comprendre quelque chose dans les normes<\/a>.<\/p>\n\n\n\n<p>Il peut cependant \u00eatre probl\u00e9matique d&rsquo;utiliser des disques externes avec un ordinateur portable. Il m&rsquo;arrive d&rsquo;utiliser, dans le cadre de mon activit\u00e9 de montage vid\u00e9o, des disques externes assez compacts de <a href=\"https:\/\/www.crucial.fr\/ssd\/x9\/CT1000X9SSD9\" data-type=\"link\" data-id=\"https:\/\/www.crucial.fr\/ssd\/x9\/CT1000X9SSD9\" target=\"_blank\" rel=\"noreferrer noopener\">ce genre-ci<\/a>. Mais au quotidien, ce n&rsquo;est pas franchement pratique d&rsquo;avoir ce type de disque attach\u00e9 \u00e0 votre ordinateur portable avec un c\u00e2ble. Aussi, il peut \u00eatre judicieux, si vous avez besoin d&rsquo;un stockage important, de bien choisir lors de votre achat la bonne option de stockage.<\/p>\n\n\n\n<h2 class=\"wp-block-heading\">Quelle solution sans passer par l&rsquo;Apple Store ?<\/h2>\n\n\n\n<p>Toutefois, comme nous l&rsquo;avons dit, les tarifs d&rsquo;Apple peuvent \u00eatre prohibitifs. Quelles sont les options dans ce cas ? Concernant la m\u00e9moire vive, il n&rsquo;y en a aucune, car depuis les derniers mod\u00e8les sortis depuis 2020, la m\u00e9moire vive est int\u00e9gr\u00e9e au CPU (micro-processeur). Concernant le stockage, il s&rsquo;agit de puces NAND soud\u00e9es \u00e0 la carte m\u00e8re, mais qu&rsquo;il est possible de faire changer via une soci\u00e9t\u00e9 capable d&rsquo;effectuer cette op\u00e9ration (ou par vous-m\u00eames si vous en avez les comp\u00e9tences). Voyons par exemple l&rsquo;offre de la soci\u00e9t\u00e9 <a href=\"https:\/\/www.sauvemonmac.com\/upgrade-ssd\/\" data-type=\"link\" data-id=\"https:\/\/www.sauvemonmac.com\/upgrade-ssd\/\" target=\"_blank\" rel=\"noreferrer noopener\"><a href=\"https:\/\/www.sauvemonmac.com\/upgrade-ssd\/\" data-type=\"link\" data-id=\"https:\/\/www.sauvemonmac.com\/upgrade-ssd\/\" target=\"_blank\" rel=\"noreferrer noopener\">Sauve mon Mac<\/a><\/a> qui vous permet de remplacer ces puces sur un certain nombre de mod\u00e8les de Macs.<br>\u00c0 noter que <a href=\"https:\/\/www.sauvemonmac.com\/upgrade-ssd\/\" data-type=\"link\" data-id=\"https:\/\/www.sauvemonmac.com\/upgrade-ssd\/\" target=\"_blank\" rel=\"noreferrer noopener\"><a href=\"https:\/\/www.sauvemonmac.com\/upgrade-ssd\/\" data-type=\"link\" data-id=\"https:\/\/www.sauvemonmac.com\/upgrade-ssd\/\" target=\"_blank\" rel=\"noreferrer noopener\">Sauve mon Mac<\/a><\/a> peut \u00e9galement changer la m\u00e9moire vive des anciens Macs \u00e0 processeur Intel, sur lesquels cette op\u00e9ration est encore possible.<\/p>\n\n\n\n<figure class=\"wp-block-image size-full\"><img loading=\"lazy\" decoding=\"async\" width=\"728\" height=\"410\" src=\"https:\/\/www.gosseyn.net\/wp-content\/uploads\/2025\/11\/Puces-NAND-MacBook.png\" alt=\"Puces NAND MacBook\" class=\"wp-image-1810\"\/><figcaption class=\"wp-element-caption\">Puces NAND MacBook<\/figcaption><\/figure>\n\n\n\n<p>Il convient n\u00e9anmoins de v\u00e9rifier quelques points avant d&rsquo;opter pour cette solution :<br>&#8211; M\u00eame si la modification est garantie par <a href=\"https:\/\/www.sauvemonmac.com\/upgrade-ssd\/\" data-type=\"link\" data-id=\"https:\/\/www.sauvemonmac.com\/upgrade-ssd\/\" target=\"_blank\" rel=\"noreferrer noopener\"><a href=\"https:\/\/www.sauvemonmac.com\/upgrade-ssd\/\" data-type=\"link\" data-id=\"https:\/\/www.sauvemonmac.com\/upgrade-ssd\/\" target=\"_blank\" rel=\"noreferrer noopener\">Sauve mon Mac<\/a><\/a> pour toute la dur\u00e9e de vie de votre appareil, il y a fort \u00e0 parier que cela fera sauter la garantie Apple. (Ceci n&rsquo;est pas indiqu\u00e9 sur le site de Sauve mon Mac).<br>&#8211; Vous devez v\u00e9rifier, selon l&rsquo;\u00e2ge de votre Mac, si la modification est possible et quelle capacit\u00e9 de SSD peut accueillir votre mod\u00e8le (voir \u00e0 ce propos l&rsquo;excellente application <a href=\"https:\/\/mactracker.ca\/\" data-type=\"link\" data-id=\"https:\/\/mactracker.ca\/\" target=\"_blank\" rel=\"noreferrer noopener\">MacTracker<\/a> qui vous renseignera sur la capacit\u00e9 de votre ordinateur actuel). Les MacBook Air, par exemple, ne peuvent g\u00e9n\u00e9ralement pas augmenter leur capacit\u00e9 de stockage comme les MacBook Pro. Tout ceci est v\u00e9rifiable sur le site de <a href=\"https:\/\/www.sauvemonmac.com\/upgrade-ssd\/\" data-type=\"link\" data-id=\"https:\/\/www.sauvemonmac.com\/upgrade-ssd\/\" target=\"_blank\" rel=\"noreferrer noopener\"><a href=\"https:\/\/www.sauvemonmac.com\/upgrade-ssd\/\" data-type=\"link\" data-id=\"https:\/\/www.sauvemonmac.com\/upgrade-ssd\/\" target=\"_blank\" rel=\"noreferrer noopener\">Sauve mon Mac<\/a><\/a>.<br>&#8211; Il convient de v\u00e9rifier le co\u00fbt de l&rsquo;op\u00e9ration, mais les tarifs propos\u00e9s par <a href=\"https:\/\/www.sauvemonmac.com\/upgrade-ssd\/\" data-type=\"link\" data-id=\"https:\/\/www.sauvemonmac.com\/upgrade-ssd\/\" target=\"_blank\" rel=\"noreferrer noopener\"><a href=\"https:\/\/www.sauvemonmac.com\/upgrade-ssd\/\" data-type=\"link\" data-id=\"https:\/\/www.sauvemonmac.com\/upgrade-ssd\/\" target=\"_blank\" rel=\"noreferrer noopener\">Sauve mon Mac<\/a><\/a> sont assez int\u00e9ressants par rapport \u00e0 ceux d&rsquo;Apple.<\/p>\n\n\n\n<p>Pour les mod\u00e8les compatibles, <a href=\"https:\/\/www.sauvemonmac.com\/upgrade-ssd\/\" data-type=\"link\" data-id=\"https:\/\/www.sauvemonmac.com\/upgrade-ssd\/\" target=\"_blank\" rel=\"noreferrer noopener\">Sauve mon Mac<\/a> propose des forfaits d&rsquo;installation d&rsquo;un nouveau SSD de capacit\u00e9 variant de 1 To \u00e0 8 To, selon les mod\u00e8les. Quel que soit le mod\u00e8le concern\u00e9, l&rsquo;installation d&rsquo;un SSD de 1 To co\u00fbte 320 \u20ac et celui de 2 To 450 \u20ac. Le passage \u00e0 4 To (compatible seulement avec certains mod\u00e8les) revient \u00e0 750 \u20ac. Comparons avec les tarifs d&rsquo;Apple pour les produits encore vendables sur l&rsquo;Apple Store : <\/p>\n\n\n\n<figure class=\"wp-block-image size-full\"><img loading=\"lazy\" decoding=\"async\" width=\"665\" height=\"384\" src=\"https:\/\/www.gosseyn.net\/wp-content\/uploads\/2025\/11\/Comparateur-de-prix-Sauve-mon-Mac-vs-Apple-Store.jpg\" alt=\"Comparateur de prix Sauve mon Mac vs Apple Store\" class=\"wp-image-1812\"\/><\/figure>\n\n\n\n<p>Comme nous pouvons le voir dans le tableau ci-dessus, dans la plupart des cas, le prix propos\u00e9 par <a href=\"https:\/\/www.sauvemonmac.com\/upgrade-ssd\/\" data-type=\"link\" data-id=\"https:\/\/www.sauvemonmac.com\/upgrade-ssd\/\" target=\"_blank\" rel=\"noreferrer noopener\">Sauve mon Mac<\/a>, et qui contient aussi bien le prix de la puce que celui de l&rsquo;intervention, est beaucoup plus int\u00e9ressant. Dans deux cas, le prix d&rsquo;Apple est plus int\u00e9ressant (et ne fera pas sauter la garantie) : le passage de 256 \u00e0 512 Go car <a href=\"https:\/\/www.sauvemonmac.com\/upgrade-ssd\/\" data-type=\"link\" data-id=\"https:\/\/www.sauvemonmac.com\/upgrade-ssd\/\" target=\"_blank\" rel=\"noreferrer noopener\">Sauve mon Mac<\/a> ne le propose pas, et cela reviendra un peu moins cher pour les personnes souhaitant seulement disposer de 512 Go d&rsquo;espace disque. Egalement, le passage de 512 Go \u00e0 1 To pour les mod\u00e8les pro revient moins cher chez Apple, car la configuration de la machine de base inclut d\u00e9j\u00e0 la capacit\u00e9 de 512 Go. Reste deux cas sur lesquels il n&rsquo;est pas possible de proposer un comparatif car soit l&rsquo;\u00e9volution n&rsquo;est pas propos\u00e9e par Apple, soit le prix est inconnu chez <a href=\"https:\/\/www.sauvemonmac.com\/upgrade-ssd\/\" data-type=\"link\" data-id=\"https:\/\/www.sauvemonmac.com\/upgrade-ssd\/\" target=\"_blank\" rel=\"noreferrer noopener\">Sauve mon Mac<\/a>. C&rsquo;est notamment le cas du passage \u00e0 8 To car cette option est propos\u00e9e \u00e0 3000 \u20ac par Apple !<\/p>\n\n\n\n<p>Notez que vous pouvez obtenir une petite r\u00e9duction sur les tarifs <a href=\"https:\/\/www.sauvemonmac.com\/upgrade-ssd\/\" data-type=\"link\" data-id=\"https:\/\/www.sauvemonmac.com\/upgrade-ssd\/\" target=\"_blank\" rel=\"noreferrer noopener\">Sauve mon Mac<\/a> gr\u00e2ce \u00e0 <a href=\"https:\/\/www.mac4ever.com\/\" target=\"_blank\" rel=\"noreferrer noopener\">Mac4Ever<\/a> avec qui ils ont un partenariat, voir <a href=\"https:\/\/www.mac4ever.com\/mac\/192794-n-attendez-pas-d-etre-infecte-le-meilleur-antivirus-mac-est-de-retour-a-60-equipez-vous\" data-type=\"link\" data-id=\"https:\/\/www.mac4ever.com\/mac\/192794-n-attendez-pas-d-etre-infecte-le-meilleur-antivirus-mac-est-de-retour-a-60-equipez-vous\" target=\"_blank\" rel=\"noreferrer noopener\">ici<\/a>.<\/p>\n\n\n\n<p><\/p>\n","protected":false},"excerpt":{"rendered":"<p>Vous avez un Mac ou vous souhaitez en acqu\u00e9rir un ? Apple fait de formidables machines tr\u00e8s attractives, malheureusement un peu sous-dimensionn\u00e9es en termes de stockage ou de m\u00e9moire pour le prix propos\u00e9. Ce qui [&hellip;]<\/p>\n","protected":false},"author":1,"featured_media":1815,"comment_status":"open","ping_status":"closed","sticky":false,"template":"","format":"standard","meta":{"footnotes":""},"categories":[6,4,69],"tags":[22,260,212,257,261,78,258,259,149],"class_list":["post-1803","post","type-post","status-publish","format-standard","has-post-thumbnail","hentry","category-actualite","category-article","category-technologie","tag-apple","tag-apple-store","tag-comparatif","tag-disque-dur","tag-evolution","tag-mac","tag-memoire","tag-ram","tag-ssd"],"_links":{"self":[{"href":"https:\/\/www.gosseyn.net\/index.php\/wp-json\/wp\/v2\/posts\/1803","targetHints":{"allow":["GET"]}}],"collection":[{"href":"https:\/\/www.gosseyn.net\/index.php\/wp-json\/wp\/v2\/posts"}],"about":[{"href":"https:\/\/www.gosseyn.net\/index.php\/wp-json\/wp\/v2\/types\/post"}],"author":[{"embeddable":true,"href":"https:\/\/www.gosseyn.net\/index.php\/wp-json\/wp\/v2\/users\/1"}],"replies":[{"embeddable":true,"href":"https:\/\/www.gosseyn.net\/index.php\/wp-json\/wp\/v2\/comments?post=1803"}],"version-history":[{"count":13,"href":"https:\/\/www.gosseyn.net\/index.php\/wp-json\/wp\/v2\/posts\/1803\/revisions"}],"predecessor-version":[{"id":1826,"href":"https:\/\/www.gosseyn.net\/index.php\/wp-json\/wp\/v2\/posts\/1803\/revisions\/1826"}],"wp:featuredmedia":[{"embeddable":true,"href":"https:\/\/www.gosseyn.net\/index.php\/wp-json\/wp\/v2\/media\/1815"}],"wp:attachment":[{"href":"https:\/\/www.gosseyn.net\/index.php\/wp-json\/wp\/v2\/media?parent=1803"}],"wp:term":[{"taxonomy":"category","embeddable":true,"href":"https:\/\/www.gosseyn.net\/index.php\/wp-json\/wp\/v2\/categories?post=1803"},{"taxonomy":"post_tag","embeddable":true,"href":"https:\/\/www.gosseyn.net\/index.php\/wp-json\/wp\/v2\/tags?post=1803"}],"curies":[{"name":"wp","href":"https:\/\/api.w.org\/{rel}","templated":true}]}}