{"id":345,"date":"2020-10-19T00:30:56","date_gmt":"2020-10-18T22:30:56","guid":{"rendered":"http:\/\/www.gosseyn.net\/?p=345"},"modified":"2020-10-26T17:00:48","modified_gmt":"2020-10-26T16:00:48","slug":"tri-yann-50-ans-de-carriere-et-une-derniere-tournee-pour-tout-le-monde","status":"publish","type":"post","link":"https:\/\/www.gosseyn.net\/index.php\/2020\/10\/tri-yann-50-ans-de-carriere-et-une-derniere-tournee-pour-tout-le-monde\/","title":{"rendered":"Tri Yann\u00a0: 50 ans de carri\u00e8re et une derni\u00e8re tourn\u00e9e pour tout le monde\u00a0!"},"content":{"rendered":"\n<p>En 2019, le groupe nantais Tri Yann f\u00eatait ses 50 ans de carri\u00e8re et cl\u00f4turait sa vie de sc\u00e8ne par une derni\u00e8re tourn\u00e9e \u00ab\u00a0Le Kenavo Tour\u00a0\u00bb. En 2020, et pour cause de Corona virus, sa tourn\u00e9e d\u2019adieu n\u2019est toujours pas termin\u00e9e, et certains concerts ont \u00e9t\u00e9 d\u00e9cal\u00e9s en raison des conditions sanitaires. Ayant r\u00e9serv\u00e9 des places en mars pour un concert \u00e0 l\u2019Olympia, je dus attendre fin septembre pour assister au concert d\u00e9localis\u00e9 au Palais des Sports, \u00e0 Paris. Le groupe devait terminer sa tourn\u00e9e par la ville de Nantes, qui le vit na\u00eetre. Une occasion pour moi de revenir sur l\u2019historique de ce groupe de musique que j\u2019ai \u00e9cout\u00e9 sans presque discontinuer depuis mon adolescence.<\/p>\n\n\n\n<figure class=\"wp-block-image size-large is-resized\"><img loading=\"lazy\" decoding=\"async\" src=\"https:\/\/www.gosseyn.net\/wp-content\/uploads\/2020\/10\/Tri-Yann-Quimper-2012.png\" alt=\"\" class=\"wp-image-360\" width=\"665\" height=\"249\" srcset=\"https:\/\/www.gosseyn.net\/wp-content\/uploads\/2020\/10\/Tri-Yann-Quimper-2012.png 600w, https:\/\/www.gosseyn.net\/wp-content\/uploads\/2020\/10\/Tri-Yann-Quimper-2012-300x113.png 300w\" sizes=\"auto, (max-width: 709px) 85vw, (max-width: 909px) 67vw, (max-width: 984px) 61vw, (max-width: 1362px) 45vw, 600px\" \/><figcaption>Festival de Cornouailles, Quimper, 2012.<\/figcaption><\/figure>\n\n\n\n<p>1969, dans la foul\u00e9e du renouveau celtique des ann\u00e9es 70, lanc\u00e9 en 66 par Alan Stivell, Jean-Louis Jossic, Jean-Paul Corbineau et Jean Chocun, fondent \u00e0 Nantes le groupe de musique \u00ab&nbsp;Tri Yann an Naoned&nbsp;\u00bb, dont le nom signifie en breton \u00ab&nbsp;Les Trois Jean de Nantes&nbsp;\u00bb. Nantes, ville dans laquelle le breton n\u2019est d\u2019ailleurs pas parl\u00e9. Commen\u00e7ant leur carri\u00e8re en reprenant des titres du folklore breton et en particulier gallo, ils \u00e9voluent assez vite vers un style plus progressif, et on les qualifie bient\u00f4t de groupe \u00ab&nbsp;celte-folklo-m\u00e9di\u00e9val&nbsp;et de rock breton&nbsp;\u00bb, o\u00f9 la composition prend le pas sur la reprise des titres du r\u00e9pertoire traditionnel, m\u00ealant le fran\u00e7ais, le breton et l\u2019anglais. Changeant assez vite son nom pour&nbsp;\u00ab&nbsp;Tri Yann&nbsp;\u00bb, ils se produisent d\u2019abord en Bretagne puis dans toute la France.<\/p>\n\n\n\n<p>Le groupe est d\u2019abord la rencontre de trois personnalit\u00e9s\u00a0:<br><br><strong>Jean-Louis Jossic<\/strong>\u00a0: au d\u00e9part prof d\u2019histoire-g\u00e9o au coll\u00e8ge, il devient le leader et la caution historico-culturelle du groupe, le \u00ab\u00a0conteur\u00a0\u00bb, sachant agr\u00e9menter les concerts d\u2019histoires \u00e0 dormir debout, \u00e9toffant le r\u00e9cital ordinaire d\u2019un cadre historique et d\u2019un fil narratif, rendant les concerts passionnants, au del\u00e0 du simple encha\u00eenement de titres des albums du groupe. Apportant une certaine excentricit\u00e9 au groupe, il est aussi auteur d\u2019une tr\u00e8s grande partie des textes en fran\u00e7ais, de la sc\u00e9nographie et des costumes. Il est pendant longtemps adjoint \u00e0 la culture \u00e0 la mairie de Nantes. Il joue de plusieurs instruments traditionnels, dont la fameuse bombarde, propre \u00e0 la musique bretonne.<br><strong>Jean-Paul Corbineau<\/strong>\u00a0: apporte sa voix tr\u00e8s douce et m\u00e9lodieuse aux nombreuses balades et histoires mises en chanson par le groupe. Sans lui, la po\u00e9sie des chansons de Tri Yann ne serait pas ce qu\u2019elle est. Il joue \u00e9galement de la guitare acoustique sur sc\u00e8ne.<br><strong>Jean Chocun<\/strong>\u00a0: le troisi\u00e8me des trois larrons. C\u2019est le comptable du groupe, plus discret que les autres sur sc\u00e8ne. Il joue n\u00e9anmoins de nombreux instruments traditionnels comme la mandoline, le dulcimer, le banjo et la guitare acoustique.<\/p>\n\n\n\n<figure class=\"wp-block-image size-large is-resized\"><img loading=\"lazy\" decoding=\"async\" src=\"https:\/\/www.gosseyn.net\/wp-content\/uploads\/2020\/10\/Chocun-Corbineau-Jossic.jpg\" alt=\"\" class=\"wp-image-361\" width=\"663\" height=\"385\" srcset=\"https:\/\/www.gosseyn.net\/wp-content\/uploads\/2020\/10\/Chocun-Corbineau-Jossic.jpg 600w, https:\/\/www.gosseyn.net\/wp-content\/uploads\/2020\/10\/Chocun-Corbineau-Jossic-300x174.jpg 300w\" sizes=\"auto, (max-width: 709px) 85vw, (max-width: 909px) 67vw, (max-width: 984px) 61vw, (max-width: 1362px) 45vw, 600px\" \/><figcaption>Jean Chocun, Jean-Paul Corbineau, Jean-Louis Jossic<\/figcaption><\/figure>\n\n\n\n<p>Les trois membres fondateurs apportent leurs voix respectives au chant, souvent dans un style de ch\u0153ur tr\u00e8s caract\u00e9ristique de la musique bretonne et de Tri Yann en particulier, avec la reprise collective des derni\u00e8res syllabes des vers des textes des chansons.<br>A ces trois musiciens se sont associ\u00e9s de nombreux autres instrumentistes au fil du temps\u00a0: d\u2019abord G\u00e9rard Goron (le batteur), qui est toujours l\u00e0 aujourd\u2019hui et qui fait partie du groupe de mani\u00e8re historique. Mais plusieurs autres musiciens ont rejoint et quitt\u00e9 le groupe tout au long de son histoire. D\u2019abord Tri Yann est un groupe plut\u00f4t acoustique, mais il devient de plus en plus \u00e9lectrique et m\u00eame parfois \u00e9lectronique, selon les albums. Aujourd\u2019hui, le groupe compte 8 membres.<br>Le groupe est responsable de 16 albums studio, 7 albums live et 16 compilations, ce qui est tout de m\u00eame assez consid\u00e9rable. Il existe aussi de nombreux concerts ou participations film\u00e9s du groupe. Tri Yann remporte, lors de sa carri\u00e8re, de nombreuses distinctions, dont 3 disques d\u2019or, et ses 3 membres fondateurs sont nomm\u00e9s Chevaliers des Arts et Lettres en 2000.<\/p>\n\n\n\n<figure class=\"wp-block-image size-large\"><img loading=\"lazy\" decoding=\"async\" width=\"1000\" height=\"1000\" src=\"https:\/\/www.gosseyn.net\/wp-content\/uploads\/2020\/10\/Dix-Ans-Dix-Filles.jpg\" alt=\"Dix Ans Dix Filles (couverture de l'album)\" class=\"wp-image-362\" srcset=\"https:\/\/www.gosseyn.net\/wp-content\/uploads\/2020\/10\/Dix-Ans-Dix-Filles.jpg 1000w, https:\/\/www.gosseyn.net\/wp-content\/uploads\/2020\/10\/Dix-Ans-Dix-Filles-300x300.jpg 300w, https:\/\/www.gosseyn.net\/wp-content\/uploads\/2020\/10\/Dix-Ans-Dix-Filles-150x150.jpg 150w, https:\/\/www.gosseyn.net\/wp-content\/uploads\/2020\/10\/Dix-Ans-Dix-Filles-768x768.jpg 768w, https:\/\/www.gosseyn.net\/wp-content\/uploads\/2020\/10\/Dix-Ans-Dix-Filles-512x512.jpg 512w\" sizes=\"auto, (max-width: 709px) 85vw, (max-width: 909px) 67vw, (max-width: 1362px) 62vw, 840px\" \/><figcaption>Dix Ans Dix Filles (couverture de l&rsquo;album)<\/figcaption><\/figure>\n\n\n\n<h2 class=\"wp-block-heading\">Que repr\u00e9sente Tri Yann ?<\/h2>\n\n\n\n<p>Tri Yann, c\u2019est d\u2019abord le groupe qui m\u2019a fait d\u00e9couvrir la musique bretonne et la musique traditionnelle en g\u00e9n\u00e9ral. Ce n\u2019est qu\u2019ensuite que j\u2019ai d\u00e9couvert Stivell, Malicorne, Gilles Servat, Dan Ar Braz, et d\u2019autres. Je les vois tr\u00e8s t\u00f4t en concert lors de leur venue \u00e0 Paris, puis bien plus tard au Festival de Cornouailles \u00e0 Quimper. Ils se distinguent rapidement, pour moi, des autres artistes bretons, d\u2019abord par leur style, tr\u00e8s particulier et reconnaissable, m\u00ealant la musique d\u2019inspiration folklorique, plut\u00f4t festive, \u00e0 la balade m\u00e9lancolique ou dramatique, racontant une histoire du pass\u00e9, le tout m\u00e9langeant des instruments traditionnels et modernes. Les artistes de musique ont quand m\u00eame plut\u00f4t tendance \u00e0 narrer des histoires de leur temps. Tri Yann, eux, relatent des faits ou mythes d\u2019un autre temps, d\u2019une \u00e9poque r\u00e9volue, avec une forme musicale tant\u00f4t traditionnelle, tant\u00f4t plus moderne. N\u00e9anmoins, le groupe aborde parfois des th\u00e9matiques plus actuelles avec son propre style, comme par exemple dans la chanson \u00ab&nbsp;Alo\u00efda&nbsp;\u00bb, relatant un fait d\u2019hiver dans lequel une jeune fille maghr\u00e9bine est assassin\u00e9e par ses fr\u00e8res en raison de ses m\u0153urs, ou dans \u00ab&nbsp;La Geste de Sarajevo&nbsp;\u00bb qui parle des massacres de la guerre des Balkans dans les ann\u00e9es 90, avec la forme d\u2019une balade du temps jadis.<\/p>\n\n\n\n<figure class=\"wp-block-image size-large\"><img loading=\"lazy\" decoding=\"async\" width=\"600\" height=\"600\" src=\"https:\/\/www.gosseyn.net\/wp-content\/uploads\/2020\/10\/Tri_Yann-logo_officiel.jpg\" alt=\"\" class=\"wp-image-363\" srcset=\"https:\/\/www.gosseyn.net\/wp-content\/uploads\/2020\/10\/Tri_Yann-logo_officiel.jpg 600w, https:\/\/www.gosseyn.net\/wp-content\/uploads\/2020\/10\/Tri_Yann-logo_officiel-300x300.jpg 300w, https:\/\/www.gosseyn.net\/wp-content\/uploads\/2020\/10\/Tri_Yann-logo_officiel-150x150.jpg 150w, https:\/\/www.gosseyn.net\/wp-content\/uploads\/2020\/10\/Tri_Yann-logo_officiel-512x512.jpg 512w\" sizes=\"auto, (max-width: 709px) 85vw, (max-width: 909px) 67vw, (max-width: 984px) 61vw, (max-width: 1362px) 45vw, 600px\" \/><figcaption>Logo officiel du groupe.<\/figcaption><\/figure>\n\n\n\n<p>Tri Yann, c\u2019est ensuite une formidable ambiance de \u00ab&nbsp;live&nbsp;\u00bb, leurs concerts \u00e9tant l\u2019occasion pour leurs fans, g\u00e9n\u00e9ralement de tous \u00e2ges, de se retrouver pour des moments festifs o\u00f9 la bi\u00e8re et le chouchen coulent \u00e0 flots, au moins virtuellement, et o\u00f9 toutes les mains se lient pour une danse sans fin et endiabl\u00e9e. Pendant deux heures, vous \u00e9chappez au monde contemporain pour vous plonger dans une France d\u2019avant, une musique d\u2019antan, et bien s\u00fbr au coeur d\u2019une Bretagne traditionnelle.<\/p>\n\n\n\n<h2 class=\"wp-block-heading\">Tri Yann en chansons<\/h2>\n\n\n\n<p>Je crois que ceux qui ne connaissent que peu, voire pas, Tri Yann, connaissent au moins tous \u00ab\u00a0Le Loup, Le Renard et la Belette\u00a0\u00bb (La Jument de Michao), qui a fait le succ\u00e8s du groupe en radio et sur sc\u00e8ne. Je dois admettre qu\u2019en tant que vrai fan de Tri Yann, il m\u2019arrive de regretter que le groupe joue cette chanson sur sc\u00e8ne, tellement c\u2019est devenu un rituel un peu trop r\u00e9current. Et surtout, ils ont tellement d\u2019autres chansons qui m\u00e9ritent d\u2019\u00eatre plus connues. Mais probablement que les gens ne comprendraient pas que le groupe ne joue pas ce titre lors de leurs concerts.<br><br>Voici quelques titres qui ont fait le succ\u00e8s du groupe et que l\u2019on doit \u00e9couter pour se faire une id\u00e9e de leur \u0153uvre:<br>\u2022 <strong>Les prisons de Nantes<\/strong>\u00a0: c\u2019est le titre phare de leur premier album, \u00ab\u00a0Tri Yann an Naoned\u00a0\u00bb, sorti en 1972, m\u00eame si sur la forme, je pr\u00e9f\u00e8re la version, plus r\u00e9cente, de leurs derniers lives. Il s\u2019agit d\u2019une chanson populaire originaire de Basse Loire et interpr\u00e9t\u00e9e par des artistes fran\u00e7ais contemporains depuis 1928. C\u2019est la version de Tri Yann qui a le plus popularis\u00e9 ce titre.<\/p>\n\n\n\n<figure class=\"wp-block-audio\"><audio controls src=\"https:\/\/www.gosseyn.net\/wp-content\/uploads\/2020\/10\/1-01-Dans-Les-Prisons-De-Nantes.m4a\"><\/audio><figcaption><em>Dans les Prisons de Nantes<\/em>, En Concert, 1996.<\/figcaption><\/figure>\n\n\n\n<p><br>\u2022 <strong>Si Mort a Mors<\/strong>, une ode \u00e0 la duchesse Anne de Bretagne, adapt\u00e9e d\u2019une musique irlandaise \u00ab&nbsp;An Ca\u00eclin Rua&nbsp;\u00bb, et sur un texte anonyme compos\u00e9 \u00e0 la mort de la Duchesse.<\/p>\n\n\n\n<figure class=\"wp-block-audio\"><audio controls src=\"https:\/\/www.gosseyn.net\/wp-content\/uploads\/2020\/10\/02-Si-Mort-A-Mors.m4a\"><\/audio><figcaption><em>Si Mort a Mors<\/em>, An Heol A Zo Glaz, 1981.<\/figcaption><\/figure>\n\n\n\n<p><br>\u2022 <strong>Pelot D\u2019Hennebont<\/strong>, la lettre d\u2019un soldat \u00e0 sa m\u00e8re, relatant ses hauts faits de guerre, bas\u00e9e sur la lettre de Pelot de Betton, recueillie au d\u00e9but du XX\u00e8me si\u00e8cle.<\/p>\n\n\n\n<figure class=\"wp-block-audio\"><audio controls src=\"https:\/\/www.gosseyn.net\/wp-content\/uploads\/2020\/10\/05-Pelot-dHennebont.m4a\"><\/audio><figcaption><em>Pelot d&rsquo;Hennebont<\/em>, Suite Gallaise, 1974.<\/figcaption><\/figure>\n\n\n\n<p><br>\u2022 <strong>La Jument de Michao<\/strong>, sans conteste le plus grand succ\u00e8s de Tri Yann. C\u2019est une chanson que l\u2019on retrouve avec plusieurs variantes dans tout le r\u00e9pertoire de la chanson populaire traditionnelle, mais c\u2019est Tri Yann qui l\u2019a vraiment rendue c\u00e9l\u00e8bre.<\/p>\n\n\n\n<figure class=\"wp-block-audio\"><audio controls src=\"https:\/\/www.gosseyn.net\/wp-content\/uploads\/2020\/10\/05-La-Jument-De-Michao.m4a\"><\/audio><figcaption><em>La Jument de Michao<\/em>, La d\u00e9couverte ou l&rsquo;ignorance, 1976.<\/figcaption><\/figure>\n\n\n\n<div class=\"wp-block-image\"><figure class=\"aligncenter size-large\"><img loading=\"lazy\" decoding=\"async\" width=\"595\" height=\"595\" src=\"https:\/\/www.gosseyn.net\/wp-content\/uploads\/2020\/10\/La_Decouverte_ou_l_Ignorance.jpg\" alt=\"La d\u00e9couverte ou l'ignorance (couverture de l'album)\" class=\"wp-image-365\" srcset=\"https:\/\/www.gosseyn.net\/wp-content\/uploads\/2020\/10\/La_Decouverte_ou_l_Ignorance.jpg 595w, https:\/\/www.gosseyn.net\/wp-content\/uploads\/2020\/10\/La_Decouverte_ou_l_Ignorance-300x300.jpg 300w, https:\/\/www.gosseyn.net\/wp-content\/uploads\/2020\/10\/La_Decouverte_ou_l_Ignorance-150x150.jpg 150w, https:\/\/www.gosseyn.net\/wp-content\/uploads\/2020\/10\/La_Decouverte_ou_l_Ignorance-512x512.jpg 512w\" sizes=\"auto, (max-width: 595px) 85vw, 595px\" \/><figcaption>La d\u00e9couverte ou l&rsquo;ignorance (album)<\/figcaption><\/figure><\/div>\n\n\n\n<p><br>Les albums de Tri Yann ne sont pas seulement des compilations de chansons, mais plusieurs d\u2019entre deux sont de vrais albums concepts, comme \u00ab&nbsp;Le Vaisseau de Pierre&nbsp;\u00bb adapt\u00e9 de la bande-dessin\u00e9e d\u2019Enki Bilal du m\u00eame nom, \u00ab&nbsp;Belle et Rebelle&nbsp;\u00bb, consacr\u00e9 \u00e0 Nantes et aux nantais, et \u00ab&nbsp;Portraits&nbsp;\u00bb, une s\u00e9rie de portraits de personnalit\u00e9s, et aussi plus particuli\u00e8rement d\u00e9di\u00e9 \u00e0 Guillaume Seznec. Par ailleurs, leur r\u00e9alisation est tr\u00e8s soign\u00e9e, rien n&rsquo;est laiss\u00e9 au hasard : un vrai travail d&rsquo;Orf\u00e8vre, un plaisir pour les oreilles.<br><br>Pour finir, il faut reconna\u00eetre Tri Yann comme le plus c\u00e9l\u00e8bre groupe de musique traditionnelle fran\u00e7aise et bretonne, mais aussi comme un groupe ayant compos\u00e9 de nombreuses chansons originales en fran\u00e7ais, dont certaines relatent des \u00e9v\u00e8nements historiques ou des faits r\u00e9els. Malgr\u00e9 un travail tr\u00e8s s\u00e9rieux, Tri Yann ne manque pas d&rsquo;humour dans l&rsquo;interpr\u00e9tation de ses chansons et dans ses spectacles.<\/p>\n\n\n\n<figure class=\"wp-block-image size-large is-resized\"><img loading=\"lazy\" decoding=\"async\" src=\"https:\/\/www.gosseyn.net\/wp-content\/uploads\/2020\/10\/Tri-Yann-3-finale-1024x675.jpg\" alt=\"\" class=\"wp-image-366\" width=\"670\" height=\"441\" srcset=\"https:\/\/www.gosseyn.net\/wp-content\/uploads\/2020\/10\/Tri-Yann-3-finale-1024x675.jpg 1024w, https:\/\/www.gosseyn.net\/wp-content\/uploads\/2020\/10\/Tri-Yann-3-finale-300x198.jpg 300w, https:\/\/www.gosseyn.net\/wp-content\/uploads\/2020\/10\/Tri-Yann-3-finale-768x506.jpg 768w, https:\/\/www.gosseyn.net\/wp-content\/uploads\/2020\/10\/Tri-Yann-3-finale-1200x791.jpg 1200w, https:\/\/www.gosseyn.net\/wp-content\/uploads\/2020\/10\/Tri-Yann-3-finale.jpg 1500w\" sizes=\"auto, (max-width: 709px) 85vw, (max-width: 909px) 67vw, (max-width: 984px) 61vw, (max-width: 1362px) 45vw, 600px\" \/><\/figure>\n\n\n\n<p><\/p>\n\n\n\n<p>Tri Yann, c&rsquo;est aussi le plus vieux groupe fran\u00e7ais encore en activit\u00e9, ayant battu le record des Fr\u00e8res Jacques (37 ans). On aurait aim\u00e9 qu&rsquo;ils continuent encore longtemps, tellement ils ont r\u00e9ussi \u00e0 se renouveler tout au long de ces 50 ann\u00e9es, et notamment \u00e0 renouveler la composition du groupe, jusqu&rsquo;\u00e0 aujourd&rsquo;hui.<\/p>\n\n\n\n<p>La tourn\u00e9e d&rsquo;adieu s\u2019ach\u00e8vera comme il se doit par 3 concerts \u00e0 Nantes, dont le dernier aura lieu le 19 d\u00e9cembre. <\/p>\n","protected":false},"excerpt":{"rendered":"<p>En 2019, le groupe nantais Tri Yann f\u00eatait ses 50 ans de carri\u00e8re et cl\u00f4turait sa vie de sc\u00e8ne par une derni\u00e8re tourn\u00e9e \u00ab\u00a0Le Kenavo Tour\u00a0\u00bb. En 2020, et pour cause de Corona virus, sa [&hellip;]<\/p>\n","protected":false},"author":1,"featured_media":361,"comment_status":"open","ping_status":"open","sticky":false,"template":"","format":"standard","meta":{"footnotes":""},"categories":[6,4],"tags":[],"class_list":["post-345","post","type-post","status-publish","format-standard","has-post-thumbnail","hentry","category-actualite","category-article"],"_links":{"self":[{"href":"https:\/\/www.gosseyn.net\/index.php\/wp-json\/wp\/v2\/posts\/345","targetHints":{"allow":["GET"]}}],"collection":[{"href":"https:\/\/www.gosseyn.net\/index.php\/wp-json\/wp\/v2\/posts"}],"about":[{"href":"https:\/\/www.gosseyn.net\/index.php\/wp-json\/wp\/v2\/types\/post"}],"author":[{"embeddable":true,"href":"https:\/\/www.gosseyn.net\/index.php\/wp-json\/wp\/v2\/users\/1"}],"replies":[{"embeddable":true,"href":"https:\/\/www.gosseyn.net\/index.php\/wp-json\/wp\/v2\/comments?post=345"}],"version-history":[{"count":17,"href":"https:\/\/www.gosseyn.net\/index.php\/wp-json\/wp\/v2\/posts\/345\/revisions"}],"predecessor-version":[{"id":376,"href":"https:\/\/www.gosseyn.net\/index.php\/wp-json\/wp\/v2\/posts\/345\/revisions\/376"}],"wp:featuredmedia":[{"embeddable":true,"href":"https:\/\/www.gosseyn.net\/index.php\/wp-json\/wp\/v2\/media\/361"}],"wp:attachment":[{"href":"https:\/\/www.gosseyn.net\/index.php\/wp-json\/wp\/v2\/media?parent=345"}],"wp:term":[{"taxonomy":"category","embeddable":true,"href":"https:\/\/www.gosseyn.net\/index.php\/wp-json\/wp\/v2\/categories?post=345"},{"taxonomy":"post_tag","embeddable":true,"href":"https:\/\/www.gosseyn.net\/index.php\/wp-json\/wp\/v2\/tags?post=345"}],"curies":[{"name":"wp","href":"https:\/\/api.w.org\/{rel}","templated":true}]}}