{"id":857,"date":"2022-12-28T14:54:03","date_gmt":"2022-12-28T13:54:03","guid":{"rendered":"http:\/\/www.gosseyn.net\/?p=857"},"modified":"2022-12-28T14:54:04","modified_gmt":"2022-12-28T13:54:04","slug":"la-veillee-ou-les-histoires-quon-aime-ecouter-autour-du-feu","status":"publish","type":"post","link":"https:\/\/www.gosseyn.net\/index.php\/2022\/12\/la-veillee-ou-les-histoires-quon-aime-ecouter-autour-du-feu\/","title":{"rendered":"La Veill\u00e9e ou les histoires qu&rsquo;on aime \u00e9couter autour du feu."},"content":{"rendered":"\n<p>Je voulais vous parler de quelque chose que j&rsquo;ai d\u00e9couvert au hasard de ma navigation sur le web et sur les r\u00e9seaux sociaux. C&rsquo;est parti d&rsquo;une page Facebook \u00e0 laquelle je suis abonn\u00e9. Dans le flot de publications de cette page, je tombe sur un lien vers une vid\u00e9o Youtube \u00e0 propos de Fran\u00e7ois Descraques, l&rsquo;auteur du <em>Visiteur du Futur<\/em>, une web-s\u00e9rie des ann\u00e9es 2010. La vid\u00e9o \u00e9tait une captation d&rsquo;un spectacle nomm\u00e9 \u00ab\u00a0La Veill\u00e9e\u00a0\u00bb.<\/p>\n\n\n\n<p>La Veill\u00e9e, c&rsquo;est un concept inspir\u00e9 d&rsquo;un ph\u00e9nom\u00e8ne am\u00e9ricain, <em>The Moth<\/em>, et import\u00e9 en France par Patrick Baud et Damien Maric. Le principe : une sc\u00e8ne, un public, des invit\u00e9s qui racontent des histoires vraies, afin de partager leur exp\u00e9rience, mais surtout de nous la faire vivre \u00e0 travers une histoire qu&rsquo;on raconte, comme le soir au coin du feu, pour se faire peur ou se donner des \u00e9motions, pour partager.<\/p>\n\n\n\n<p>Une nouvelle \u00e9dition de La Veill\u00e9e est organis\u00e9e tous les ans dans un th\u00e9\u00e2tre, avec un nombre limit\u00e9 de spectateurs, et donc il est tr\u00e8s difficile de pouvoir y assister, il faut r\u00e9server \u00e0 l&rsquo;avance. Fort heureusement, les organisateurs ont eu la tr\u00e8s bonne id\u00e9e de filmer les interventions et de les diffuser \u00e0 l&rsquo;unit\u00e9 sur une cha\u00eene YouTube. On peut donc tr\u00e8s facilement les visionner, tranquillement chez soi, et se mettre parfaitement dans l&rsquo;ambiance d&rsquo;une soir\u00e9e au coin du feu. En ambiance sonore, des bruits de la nuit, cr\u00e9pitement de chemin\u00e9e et cris de chouette. Rien de tel que d&rsquo;\u00e9couter une petite histoire ou deux avant de s&rsquo;endormir. Mais attention, qu&rsquo;on ne se m\u00e9prenne pas : il ne s&rsquo;agit pas de contes pour enfants \u00e0 dormir debout, mais de vraies histoires v\u00e9cues par leur narrateur, et c&rsquo;est aussi \u00e7a qui les rend int\u00e9ressantes, plus que le talent de conteur de celui \u00e0 qui elles sont arriv\u00e9es. Tant\u00f4t des anecdotes ou aventures, tant\u00f4t des exp\u00e9riences de vie, elles sont \u00e0 la fois des \u00e9v\u00e8nements \u00e0 partager et l&rsquo;occasion de s&rsquo;\u00e9mouvoir, de s&rsquo;\u00e9tonner, de s&rsquo;\u00e9merveiller, pourquoi pas ?<\/p>\n\n\n\n<p>Afin d&rsquo;illustrer le propos, j&rsquo;ai choisi de partager 3 histoires, que je consid\u00e8re comme repr\u00e9sentatives et excellentes, mais aussi comme un bon point de d\u00e9part pour explorer toutes ces vid\u00e9os et d\u00e9couvrir l&rsquo;univers de La Veill\u00e9e. En premier lieu, et si vous ne devez n&rsquo;en voir (ou \u00e9couter) qu&rsquo;une seule, prenons celle d&rsquo;Alexandre Astier, celui que je consid\u00e8re comme un formidable conteur d&rsquo;histoires, l&rsquo;auteur de Kaamelott mais aussi de spectacles \u00ab\u00a0seuls en sc\u00e8ne\u00a0\u00bb passionnants. Cette histoire l\u00e0 est un peu plus \u00e9crite et sc\u00e9naris\u00e9e que les autres, qui sont la plupart du temps assez spontan\u00e9ment racont\u00e9es.<\/p>\n\n\n\n<figure class=\"wp-block-embed is-type-video is-provider-youtube wp-block-embed-youtube wp-embed-aspect-16-9 wp-has-aspect-ratio\"><div class=\"wp-block-embed__wrapper\">\n<iframe loading=\"lazy\" title=\"La Veill\u00e9e #56 : Grand M\u00e9chant Loup, par Alexandre Astier\" width=\"840\" height=\"473\" src=\"https:\/\/www.youtube.com\/embed\/T5M-COyMo-g?feature=oembed\" frameborder=\"0\" allow=\"accelerometer; autoplay; clipboard-write; encrypted-media; gyroscope; picture-in-picture\" allowfullscreen><\/iframe>\n<\/div><figcaption>La Veill\u00e9e \u00e9pisode 56 \u00ab\u00a0Le Grand M\u00e9chant Loup\u00a0\u00bb, par Alexandre Astier<\/figcaption><\/figure>\n\n\n\n<p>En deuxi\u00e8me choix, un autre grand conteur, en tout cas en temps qu&rsquo;\u00e9crivain, qu&rsquo;est Bernard Werber, auteur de la trilogie de romans \u00ab\u00a0Les Fourmis\u00a0\u00bb mais aussi des \u00ab\u00a0Thanatonautes\u00a0\u00bb, et qui sait faire preuve d&rsquo;un certain humour pour nous conter une histoire qui pourrait autrement avoir \u00e9t\u00e9 tragique, pour lui. Bernard Werber a particip\u00e9 plusieurs fois \u00e0 la Veill\u00e9e.<\/p>\n\n\n\n<figure class=\"wp-block-embed is-type-video is-provider-youtube wp-block-embed-youtube wp-embed-aspect-16-9 wp-has-aspect-ratio\"><div class=\"wp-block-embed__wrapper\">\n<iframe loading=\"lazy\" title=\"La Veille\u0301e #4 : Une balle dans la nuque, par Bernard Werber\" width=\"840\" height=\"473\" src=\"https:\/\/www.youtube.com\/embed\/MtY1xaJzi-Y?feature=oembed\" frameborder=\"0\" allow=\"accelerometer; autoplay; clipboard-write; encrypted-media; gyroscope; picture-in-picture\" allowfullscreen><\/iframe>\n<\/div><figcaption>La Veill\u00e9e \u00e9pisode 4 \u00ab\u00a0Une balle dans la nuque\u00a0\u00bb, par Bernard Werber<\/figcaption><\/figure>\n\n\n\n<p>En troisi\u00e8me et dernier choix, encore un homme, Fran\u00e7ois Descraques, qui est le premier que j&rsquo;ai \u00e9cout\u00e9\/regard\u00e9 conter son histoire, dans La Veill\u00e9e. Peut-\u00eatre un moins bon conteur sur la sc\u00e8ne d&rsquo;un th\u00e9\u00e2tre qu&rsquo;\u00e0 travers ses sc\u00e9narios, mais l&rsquo;histoire en vaut la peine. Pour le coup, il s&rsquo;agit vraiment d&rsquo;une histoire \u00e0 dormir \u00ab\u00a0debout\u00a0\u00bb.<\/p>\n\n\n\n<figure class=\"wp-block-embed is-type-video is-provider-youtube wp-block-embed-youtube wp-embed-aspect-16-9 wp-has-aspect-ratio\"><div class=\"wp-block-embed__wrapper\">\n<iframe loading=\"lazy\" title=\"La Veill\u00e9e #54 : Debout, par Fran\u00e7ois Descraques\" width=\"840\" height=\"473\" src=\"https:\/\/www.youtube.com\/embed\/Rhgya0uDVVg?start=22&#038;feature=oembed\" frameborder=\"0\" allow=\"accelerometer; autoplay; clipboard-write; encrypted-media; gyroscope; picture-in-picture\" allowfullscreen><\/iframe>\n<\/div><figcaption>La Veill\u00e9e \u00e9pisode 54 \u00ab\u00a0Debout\u00a0\u00bb, par Fran\u00e7ois Descraques<\/figcaption><\/figure>\n\n\n\n<p>Vous allez me dire que \u00e7a manque un peu de femmes, c&rsquo;est vrai. Alors j&rsquo;ai \u00e9cout\u00e9 pas mal de r\u00e9cits de femmes, dans La Veill\u00e9e, que j&rsquo;ai trouv\u00e9 int\u00e9ressants, surtout \u00e9mouvants. Des exp\u00e9riences de vie, surtout, beaucoup de talent, mais ce ne sont pas les histoires que j&rsquo;ai choisies pour cet article en tout cas. Mais je vous laisse vous faire votre id\u00e9e, car il y a encore beaucoup d&rsquo;histoires \u00e0 suivre dans La Veill\u00e9e.<\/p>\n","protected":false},"excerpt":{"rendered":"<p>Je voulais vous parler de quelque chose que j&rsquo;ai d\u00e9couvert au hasard de ma navigation sur le web et sur les r\u00e9seaux sociaux. C&rsquo;est parti d&rsquo;une page Facebook \u00e0 laquelle je suis abonn\u00e9. Dans le [&hellip;]<\/p>\n","protected":false},"author":1,"featured_media":871,"comment_status":"open","ping_status":"closed","sticky":false,"template":"","format":"standard","meta":{"footnotes":""},"categories":[6],"tags":[],"class_list":["post-857","post","type-post","status-publish","format-standard","has-post-thumbnail","hentry","category-actualite"],"_links":{"self":[{"href":"https:\/\/www.gosseyn.net\/index.php\/wp-json\/wp\/v2\/posts\/857","targetHints":{"allow":["GET"]}}],"collection":[{"href":"https:\/\/www.gosseyn.net\/index.php\/wp-json\/wp\/v2\/posts"}],"about":[{"href":"https:\/\/www.gosseyn.net\/index.php\/wp-json\/wp\/v2\/types\/post"}],"author":[{"embeddable":true,"href":"https:\/\/www.gosseyn.net\/index.php\/wp-json\/wp\/v2\/users\/1"}],"replies":[{"embeddable":true,"href":"https:\/\/www.gosseyn.net\/index.php\/wp-json\/wp\/v2\/comments?post=857"}],"version-history":[{"count":13,"href":"https:\/\/www.gosseyn.net\/index.php\/wp-json\/wp\/v2\/posts\/857\/revisions"}],"predecessor-version":[{"id":870,"href":"https:\/\/www.gosseyn.net\/index.php\/wp-json\/wp\/v2\/posts\/857\/revisions\/870"}],"wp:featuredmedia":[{"embeddable":true,"href":"https:\/\/www.gosseyn.net\/index.php\/wp-json\/wp\/v2\/media\/871"}],"wp:attachment":[{"href":"https:\/\/www.gosseyn.net\/index.php\/wp-json\/wp\/v2\/media?parent=857"}],"wp:term":[{"taxonomy":"category","embeddable":true,"href":"https:\/\/www.gosseyn.net\/index.php\/wp-json\/wp\/v2\/categories?post=857"},{"taxonomy":"post_tag","embeddable":true,"href":"https:\/\/www.gosseyn.net\/index.php\/wp-json\/wp\/v2\/tags?post=857"}],"curies":[{"name":"wp","href":"https:\/\/api.w.org\/{rel}","templated":true}]}}